{"id":356,"date":"2017-07-29T12:00:43","date_gmt":"2017-07-29T17:00:43","guid":{"rendered":"http:\/\/www.humanicsinstitute.org\/?p=356"},"modified":"2017-07-29T12:00:43","modified_gmt":"2017-07-29T17:00:43","slug":"message-from-prime-minister-justin-trudeau-on-the-grand-opening-of-the-humanics-sanctuary-and-sculpture-park-july-2-2017","status":"publish","type":"post","link":"https:\/\/humanicsinstitute.org\/Sanctuary\/message-from-prime-minister-justin-trudeau-on-the-grand-opening-of-the-humanics-sanctuary-and-sculpture-park-july-2-2017\/","title":{"rendered":"Message from Prime Minister Justin Trudeau on the Grand Opening of the Humanics Sanctuary and Sculpture Park, July 2 2017  &#8211;  Message du Premier ministre Justin Trudeau sur l&#8217;inauguration du du santuaire et parc de scultures Humanics, 2 juillet 2017"},"content":{"rendered":"<p>Ottawa 2017<\/p>\n<p><a href=\"http:\/\/www.humanicsinstitute.org\/PARK\/wp-content\/uploads\/2017\/07\/Grand-Opening-of-the-Humanics-Sanctuary-and-Sculpture-Park.pdf\" target=\"_blank\" rel=\"noopener\">Message from Prime Minister Justin Trudeau &#8211; Message du premier ministre Justin Trudeau 2017-07-02<\/a><\/p>\n<p><strong>Grand Opening of the Humanics Sanctuary and Sculpture Park<\/strong><\/p>\n<p>It is with great pleasure that I welcome you to the Grand Opening of the Humanics Sanctuary and Sculpture Park, hosted by the Humanics Institute.<\/p>\n<p>I believe that Canada&#8217;s prosperity and strength is a direct result of our diversity. We are a nation that has steadily grown over the past 150 years, each new Canadian adding a unique set of beliefs and experiences that, in its sum, has resulted in an open and welcoming society.<\/p>\n<p>Our values, rooted firmly in our multicultural identity, are exactly what the Humanics Institute aims to promote. Through their inclusive initiatives, this organization has brought together a wide range of Canadians united by a common spirit that we open this new sanctuary and park, which promises to be a peaceful place of reflection and meditation.<\/p>\n<p>thank you to everyone who has helped make the Humanics Sanctuary and Sculpture Park a reality, Please accept my warmest welcome and best wishes for a memorable grand opening.<\/p>\n<p><strong>Inauguration du santuaire et parc de scultures Humanics\u00a0<\/strong><\/p>\n<p>J&#8217;ai le grand plaisir de vous souhaiter la bienvenue \u00e0 l&#8217;inauguration du sanctuaire et parc de sculptures Humanics, de l&#8217;Institut Humanics.<\/p>\n<p>Je cois que la prosp\u00e9rit\u00e9 et la force du Canada sont directement attribuable \u00e0 notre diversit\u00e9. Au cours des 150 derni\u00e8res ann\u00e9es, notre nation n&#8217;a pas cess\u00e9 de grandir, et chacun de nouveaux Canadiens est venu y ajouter ses propres croyances et exp\u00e9riences pour former un tout: une soci\u00e9t\u00e9 ouverte et acceuillante.<\/p>\n<p>Nos valeurs, qui sont bien enracin\u00e9es dans notre identit\u00e9 multculturelle, repr\u00e9sentent exacetement celles que l&#8217;Institut Humanics met de lavant, Gr\u00e2ce \u00e0 ses initiatives inclusives, cette organisation r\u00e9unit des Canadien de tous les horizons qui ont en commun leur d\u00e9vouement envers la paix et un engagement &lt;a c\u00e9l\u00e9brer notre diversit\u00e9. C&#8217;est dans cet esprit que nous inaugurons le santuaire et le parc, qui offriront une atmosph\u00e8re paisable pour la r\u00e9flexion et la m\u00e9ditation.<\/p>\n<p>Je tien \u00e0 remercier tous ceux et celles qui on aid\u00e9 \u00e0 concr\u00e9tiser le santuaire et par de sculptures Humanics. Je vous souhaite chaleureusement la bienvenue et une inauguration m\u00e9morable.<\/p>\n<p><img loading=\"lazy\" decoding=\"async\" class=\"alignnone size-medium wp-image-388\" src=\"http:\/\/www.humanicsinstitute.org\/wp-content\/uploads\/2017\/07\/pm_p2-232x300.jpg\" alt=\"\" width=\"232\" height=\"300\" \/>\u00a0<img loading=\"lazy\" decoding=\"async\" class=\"alignnone size-medium wp-image-389\" src=\"http:\/\/www.humanicsinstitute.org\/wp-content\/uploads\/2017\/07\/pm_p1-232x300.jpg\" alt=\"\" width=\"232\" height=\"300\" \/><\/p>\n","protected":false},"excerpt":{"rendered":"<p>Ottawa 2017 Message from Prime Minister Justin Trudeau &#8211; Message du premier ministre Justin Trudeau 2017-07-02 Grand Opening of the Humanics Sanctuary and Sculpture Park It is with great pleasure that I welcome you to the Grand Opening of the Humanics Sanctuary and Sculpture Park, hosted by the Humanics Institute. I believe that Canada&#8217;s prosperity [&hellip;]<\/p>\n","protected":false},"author":4,"featured_media":0,"comment_status":"open","ping_status":"open","sticky":false,"template":"","format":"standard","meta":{"_et_pb_use_builder":"","_et_pb_old_content":"","_et_gb_content_width":"","footnotes":""},"categories":[10,14],"tags":[],"class_list":["post-356","post","type-post","status-publish","format-standard","hentry","category-humanics","category-newsevents"],"_links":{"self":[{"href":"https:\/\/humanicsinstitute.org\/Sanctuary\/wp-json\/wp\/v2\/posts\/356","targetHints":{"allow":["GET"]}}],"collection":[{"href":"https:\/\/humanicsinstitute.org\/Sanctuary\/wp-json\/wp\/v2\/posts"}],"about":[{"href":"https:\/\/humanicsinstitute.org\/Sanctuary\/wp-json\/wp\/v2\/types\/post"}],"author":[{"embeddable":true,"href":"https:\/\/humanicsinstitute.org\/Sanctuary\/wp-json\/wp\/v2\/users\/4"}],"replies":[{"embeddable":true,"href":"https:\/\/humanicsinstitute.org\/Sanctuary\/wp-json\/wp\/v2\/comments?post=356"}],"version-history":[{"count":0,"href":"https:\/\/humanicsinstitute.org\/Sanctuary\/wp-json\/wp\/v2\/posts\/356\/revisions"}],"wp:attachment":[{"href":"https:\/\/humanicsinstitute.org\/Sanctuary\/wp-json\/wp\/v2\/media?parent=356"}],"wp:term":[{"taxonomy":"category","embeddable":true,"href":"https:\/\/humanicsinstitute.org\/Sanctuary\/wp-json\/wp\/v2\/categories?post=356"},{"taxonomy":"post_tag","embeddable":true,"href":"https:\/\/humanicsinstitute.org\/Sanctuary\/wp-json\/wp\/v2\/tags?post=356"}],"curies":[{"name":"wp","href":"https:\/\/api.w.org\/{rel}","templated":true}]}}