{"id":352,"date":"2017-07-22T10:00:03","date_gmt":"2017-07-22T15:00:03","guid":{"rendered":"http:\/\/www.humanicsinstitute.org\/?p=352"},"modified":"2017-07-22T10:00:03","modified_gmt":"2017-07-22T15:00:03","slug":"message-du-depute-federal-de-glengarry-prescott-russell-sur-louverture-du-sanctuaire-et-parc-de-sculptures-humanics","status":"publish","type":"post","link":"https:\/\/humanicsinstitute.org\/Sanctuary\/message-du-depute-federal-de-glengarry-prescott-russell-sur-louverture-du-sanctuaire-et-parc-de-sculptures-humanics\/","title":{"rendered":"Message du D\u00e9put\u00e9 f\u00e9d\u00e9ral de Glengarry-Prescott-Russell sur l&#8217;ouverture du sanctuaire et parc de sculptures Humanics"},"content":{"rendered":"<p><strong><a href=\"http:\/\/www.humanicsinstitute.org\/PARK\/wp-content\/uploads\/2017\/07\/humanics_MPDrouin.pdf\" target=\"_blank\" rel=\"noopener\">Message du D\u00e9put\u00e9 f\u00e9d\u00e9ral de Glengarry-Prescott-Russell sur l&#8217;ouverture du sanctuaire et parc de sculptures Humanics<\/a><\/strong><\/p>\n<p>Chers concitoyens et concitoyennes,<\/p>\n<p>\u00c0 titre de d\u00e9put\u00e9 f\u00e9d\u00e9ral de Glengarry-Prescott-Russell, je tiens \u00e0 f\u00e9liciter l\u2019institut Humanics pour l\u2019ouverture du parc de sculpture.<\/p>\n<p>Cette ann\u00e9e, marque le 150e anniversaire de la Conf\u00e9d\u00e9ration. Cela est l\u2019occasion de c\u00e9l\u00e9brer ensemble nos valeurs communes, nos r\u00e9alisations, la richesse de notre environnement et notre place dans le monde. C\u2019est aussi l\u2019opportunit\u00e9 de multiplier les liens d\u2019amiti\u00e9 entre tous les Canadiens, des liens qui resteront solides longtemps apr\u00e8s la fin des c\u00e9l\u00e9brations.<\/p>\n<p>Chez nous, \u00e0 Glengarry-Prescott-Russell, cela signifie de rendre hommage aux communaut\u00e9s qui forment la mosa\u00efque culturelle de notre merveilleuse r\u00e9gion. Je f\u00e9licite l\u2019institut Humanics pour la r\u00e9alisation du projet de parc des sculptures. Vous \u00eates une partie importante de la fibre communautaire.<\/p>\n<p>Sinc\u00e8rement,<br \/>\nFrancis Drouin, d\u00e9put\u00e9<br \/>\nGlengarry-Prescott-Russell<\/p>\n<p>Dear constituents,<\/p>\n<p>As Member of Parliament for Glengarry-Prescott-Russell I wish to congratulate the Humanics Institute on the official opening of the sculpture.<\/p>\n<p>This year marks the 150th anniversary of Confederation. This special occasion gives Canadians the opportunity to celebrate our shared values, our achievements, our majestic environment and our country\u2019s place in the world. This will also be an opportunity to create new friendships among all Canadians\u2014friendships that will remain strong long after the celebrations have ended.<br \/>\nHere, in Glengarry-Prescott-Russell, it means paying tribute to the communities that make up the cultural mosaic of our wonderful region. I commend the Humanics Institute on the realization of the sculpture park which celebrates our diversity. You\u2019re an important of our community.<\/p>\n<p>Francis Drouin, MP<br \/>\nGlengarry-Prescott-Russell<\/p>\n","protected":false},"excerpt":{"rendered":"<p>Message du D\u00e9put\u00e9 f\u00e9d\u00e9ral de Glengarry-Prescott-Russell sur l&#8217;ouverture du sanctuaire et parc de sculptures Humanics Chers concitoyens et concitoyennes, \u00c0 titre de d\u00e9put\u00e9 f\u00e9d\u00e9ral de Glengarry-Prescott-Russell, je tiens \u00e0 f\u00e9liciter l\u2019institut Humanics pour l\u2019ouverture du parc de sculpture. Cette ann\u00e9e, marque le 150e anniversaire de la Conf\u00e9d\u00e9ration. Cela est l\u2019occasion de c\u00e9l\u00e9brer ensemble nos valeurs [&hellip;]<\/p>\n","protected":false},"author":4,"featured_media":0,"comment_status":"open","ping_status":"open","sticky":false,"template":"","format":"standard","meta":{"_et_pb_use_builder":"","_et_pb_old_content":"","_et_gb_content_width":"","footnotes":""},"categories":[10,14],"tags":[],"class_list":["post-352","post","type-post","status-publish","format-standard","hentry","category-humanics","category-newsevents"],"_links":{"self":[{"href":"https:\/\/humanicsinstitute.org\/Sanctuary\/wp-json\/wp\/v2\/posts\/352","targetHints":{"allow":["GET"]}}],"collection":[{"href":"https:\/\/humanicsinstitute.org\/Sanctuary\/wp-json\/wp\/v2\/posts"}],"about":[{"href":"https:\/\/humanicsinstitute.org\/Sanctuary\/wp-json\/wp\/v2\/types\/post"}],"author":[{"embeddable":true,"href":"https:\/\/humanicsinstitute.org\/Sanctuary\/wp-json\/wp\/v2\/users\/4"}],"replies":[{"embeddable":true,"href":"https:\/\/humanicsinstitute.org\/Sanctuary\/wp-json\/wp\/v2\/comments?post=352"}],"version-history":[{"count":0,"href":"https:\/\/humanicsinstitute.org\/Sanctuary\/wp-json\/wp\/v2\/posts\/352\/revisions"}],"wp:attachment":[{"href":"https:\/\/humanicsinstitute.org\/Sanctuary\/wp-json\/wp\/v2\/media?parent=352"}],"wp:term":[{"taxonomy":"category","embeddable":true,"href":"https:\/\/humanicsinstitute.org\/Sanctuary\/wp-json\/wp\/v2\/categories?post=352"},{"taxonomy":"post_tag","embeddable":true,"href":"https:\/\/humanicsinstitute.org\/Sanctuary\/wp-json\/wp\/v2\/tags?post=352"}],"curies":[{"name":"wp","href":"https:\/\/api.w.org\/{rel}","templated":true}]}}